{"id":9970,"date":"2026-04-24T20:21:45","date_gmt":"2026-04-24T18:21:45","guid":{"rendered":"https:\/\/spplawna.pl\/?p=9970"},"modified":"2026-04-24T20:21:45","modified_gmt":"2026-04-24T18:21:45","slug":"jubileusz-80-lecia-naszej-placowki","status":"publish","type":"post","link":"https:\/\/spplawna.pl\/?p=9970","title":{"rendered":"Jubileusz 80-lecia naszej plac\u00f3wki"},"content":{"rendered":"\n<p>Dyrekcja, Grono Pedagogiczne oraz Rada Rodzic\u00f3w maj\u0105 zaszczyt zaprosi\u0107 Absolwent\u00f3w, Emerytowanych Nauczycieli, Rodzic\u00f3w oraz Przyjaci\u00f3\u0142 Szko\u0142y na uroczyste obchody <strong>Jubileuszu<\/strong><strong> 80-lecia naszej plac\u00f3wki<\/strong>, kt\u00f3re odb\u0119d\u0105 si\u0119 22 maja 2026 roku<strong>.<\/strong><\/p>\n\n\n\n<!--more-->\n\n\n\n<p><strong>Program uroczysto\u015bci:<\/strong><\/p>\n\n\n\n<ul>\n<li>9.00-Msza \u015awi\u0119ta w ko\u015bciele pw. \u015bw. Tekli<\/li>\n\n\n\n<li>10.00-Inauguracja obchod\u00f3w<\/li>\n\n\n\n<li>10.30-Program artystyczny w wykonaniu uczni\u00f3w<\/li>\n\n\n\n<li>11.30-Tort jubileuszowy<\/li>\n\n\n\n<li>12.00- Zwiedzanie wystawy \u201eHistoria naszej szko\u0142y\u201d<\/li>\n<\/ul>\n\n\n\n<p>Zg\u0142oszenia udzia\u0142u przyjmujemy do 11 maja 2026 roku w sekretariacie szko\u0142y nr. 757833135.<\/p>\n\n\n\n<p><em>Przyjd\u017a i wsp\u00f3lnie z nami \u015bwi\u0119tuj osiem dekad historii naszej szko\u0142y!<\/em><\/p>\n\n\n\n<figure class=\"wp-block-image size-large\"><img loading=\"lazy\" decoding=\"async\" width=\"1024\" height=\"722\" src=\"https:\/\/spplawna.pl\/wp-content\/uploads\/2026\/04\/80-lecie-1024x722.jpg\" alt=\"\" class=\"wp-image-9967\" srcset=\"https:\/\/spplawna.pl\/wp-content\/uploads\/2026\/04\/80-lecie-1024x722.jpg 1024w, https:\/\/spplawna.pl\/wp-content\/uploads\/2026\/04\/80-lecie-300x211.jpg 300w, https:\/\/spplawna.pl\/wp-content\/uploads\/2026\/04\/80-lecie-768x541.jpg 768w, https:\/\/spplawna.pl\/wp-content\/uploads\/2026\/04\/80-lecie-110x78.jpg 110w, https:\/\/spplawna.pl\/wp-content\/uploads\/2026\/04\/80-lecie-420x296.jpg 420w, https:\/\/spplawna.pl\/wp-content\/uploads\/2026\/04\/80-lecie-610x430.jpg 610w, https:\/\/spplawna.pl\/wp-content\/uploads\/2026\/04\/80-lecie.jpg 1240w\" sizes=\"(max-width: 1024px) 100vw, 1024px\" \/><\/figure>\n","protected":false},"excerpt":{"rendered":"<p>Dyrekcja, Grono Pedagogiczne oraz Rada Rodzic\u00f3w maj\u0105 zaszczyt zaprosi\u0107 Absolwent\u00f3w, Emerytowanych Nauczycieli, Rodzic\u00f3w oraz Przyjaci\u00f3\u0142 Szko\u0142y na uroczyste obchody Jubileuszu 80-lecia naszej plac\u00f3wki, kt\u00f3re odb\u0119d\u0105 si\u0119 22 maja 2026 roku.<\/p>\n","protected":false},"author":1,"featured_media":9967,"comment_status":"closed","ping_status":"closed","sticky":false,"template":"","format":"standard","meta":{"footnotes":""},"categories":[1],"tags":[],"_links":{"self":[{"href":"https:\/\/spplawna.pl\/index.php?rest_route=\/wp\/v2\/posts\/9970"}],"collection":[{"href":"https:\/\/spplawna.pl\/index.php?rest_route=\/wp\/v2\/posts"}],"about":[{"href":"https:\/\/spplawna.pl\/index.php?rest_route=\/wp\/v2\/types\/post"}],"author":[{"embeddable":true,"href":"https:\/\/spplawna.pl\/index.php?rest_route=\/wp\/v2\/users\/1"}],"replies":[{"embeddable":true,"href":"https:\/\/spplawna.pl\/index.php?rest_route=%2Fwp%2Fv2%2Fcomments&post=9970"}],"version-history":[{"count":5,"href":"https:\/\/spplawna.pl\/index.php?rest_route=\/wp\/v2\/posts\/9970\/revisions"}],"predecessor-version":[{"id":9976,"href":"https:\/\/spplawna.pl\/index.php?rest_route=\/wp\/v2\/posts\/9970\/revisions\/9976"}],"wp:featuredmedia":[{"embeddable":true,"href":"https:\/\/spplawna.pl\/index.php?rest_route=\/wp\/v2\/media\/9967"}],"wp:attachment":[{"href":"https:\/\/spplawna.pl\/index.php?rest_route=%2Fwp%2Fv2%2Fmedia&parent=9970"}],"wp:term":[{"taxonomy":"category","embeddable":true,"href":"https:\/\/spplawna.pl\/index.php?rest_route=%2Fwp%2Fv2%2Fcategories&post=9970"},{"taxonomy":"post_tag","embeddable":true,"href":"https:\/\/spplawna.pl\/index.php?rest_route=%2Fwp%2Fv2%2Ftags&post=9970"}],"curies":[{"name":"wp","href":"https:\/\/api.w.org\/{rel}","templated":true}]}}