{"id":7796,"date":"2024-09-12T22:32:41","date_gmt":"2024-09-12T20:32:41","guid":{"rendered":"https:\/\/spplawna.pl\/?p=7796"},"modified":"2024-09-17T22:38:33","modified_gmt":"2024-09-17T20:38:33","slug":"przedszkolak-bezpieczny-na-drodze","status":"publish","type":"post","link":"https:\/\/spplawna.pl\/?p=7796","title":{"rendered":"Przedszkolak bezpieczny na drodze"},"content":{"rendered":"\n<p>Celem zaj\u0119\u0107 w pierwszych dniach pobytu dzieci w naszym przedszkolu by\u0142o u\u015bwiadomienie im konieczno\u015bci bezpiecznego poruszania si\u0119 po drogach.<\/p>\n\n\n\n<!--more-->\n\n\n\n<p> Poznanie zasad prawid\u0142owego przechodzenia przez jezdni\u0119\u00a0 (przez przej\u015bcie dla pieszych i na pasach). Poznane zasady prze\u0107wiczy\u0142y w czasie wycieczki na przej\u015bcie dla pieszych. Pozna\u0142y i utrwali\u0142y numery alarmowe , uczy\u0142y si\u0119 zasad obowi\u0105zuj\u0105cych przy wzywaniu pomocy.<\/p>\n\n\n\n<hr class=\"wp-block-separator has-alpha-channel-opacity\"\/>\n\n\n\n<figure class=\"wp-block-gallery has-nested-images columns-1 is-cropped wp-block-gallery-1 is-layout-flex wp-block-gallery-is-layout-flex\">\n<figure class=\"wp-block-image size-large\"><img loading=\"lazy\" decoding=\"async\" width=\"1024\" height=\"768\" data-id=\"7795\" src=\"https:\/\/spplawna.pl\/wp-content\/uploads\/2024\/09\/image003-1-1024x768.jpg\" alt=\"\" class=\"wp-image-7795\" srcset=\"https:\/\/spplawna.pl\/wp-content\/uploads\/2024\/09\/image003-1-1024x768.jpg 1024w, https:\/\/spplawna.pl\/wp-content\/uploads\/2024\/09\/image003-1-300x225.jpg 300w, https:\/\/spplawna.pl\/wp-content\/uploads\/2024\/09\/image003-1-768x576.jpg 768w, https:\/\/spplawna.pl\/wp-content\/uploads\/2024\/09\/image003-1-1536x1152.jpg 1536w, https:\/\/spplawna.pl\/wp-content\/uploads\/2024\/09\/image003-1-110x83.jpg 110w, https:\/\/spplawna.pl\/wp-content\/uploads\/2024\/09\/image003-1-420x315.jpg 420w, https:\/\/spplawna.pl\/wp-content\/uploads\/2024\/09\/image003-1-573x430.jpg 573w, https:\/\/spplawna.pl\/wp-content\/uploads\/2024\/09\/image003-1.jpg 2048w\" sizes=\"(max-width: 1024px) 100vw, 1024px\" \/><\/figure>\n\n\n\n<figure class=\"wp-block-image size-large\"><img loading=\"lazy\" decoding=\"async\" width=\"1024\" height=\"768\" data-id=\"7794\" src=\"https:\/\/spplawna.pl\/wp-content\/uploads\/2024\/09\/image002-1-1024x768.jpg\" alt=\"\" class=\"wp-image-7794\" srcset=\"https:\/\/spplawna.pl\/wp-content\/uploads\/2024\/09\/image002-1-1024x768.jpg 1024w, https:\/\/spplawna.pl\/wp-content\/uploads\/2024\/09\/image002-1-300x225.jpg 300w, https:\/\/spplawna.pl\/wp-content\/uploads\/2024\/09\/image002-1-768x576.jpg 768w, https:\/\/spplawna.pl\/wp-content\/uploads\/2024\/09\/image002-1-1536x1152.jpg 1536w, https:\/\/spplawna.pl\/wp-content\/uploads\/2024\/09\/image002-1-110x83.jpg 110w, https:\/\/spplawna.pl\/wp-content\/uploads\/2024\/09\/image002-1-420x315.jpg 420w, https:\/\/spplawna.pl\/wp-content\/uploads\/2024\/09\/image002-1-573x430.jpg 573w, https:\/\/spplawna.pl\/wp-content\/uploads\/2024\/09\/image002-1.jpg 2048w\" sizes=\"(max-width: 1024px) 100vw, 1024px\" \/><\/figure>\n\n\n\n<figure class=\"wp-block-image size-large\"><img loading=\"lazy\" decoding=\"async\" width=\"1024\" height=\"768\" data-id=\"7793\" src=\"https:\/\/spplawna.pl\/wp-content\/uploads\/2024\/09\/image001-1-1024x768.jpg\" alt=\"\" class=\"wp-image-7793\" srcset=\"https:\/\/spplawna.pl\/wp-content\/uploads\/2024\/09\/image001-1-1024x768.jpg 1024w, https:\/\/spplawna.pl\/wp-content\/uploads\/2024\/09\/image001-1-300x225.jpg 300w, https:\/\/spplawna.pl\/wp-content\/uploads\/2024\/09\/image001-1-768x576.jpg 768w, https:\/\/spplawna.pl\/wp-content\/uploads\/2024\/09\/image001-1-1536x1152.jpg 1536w, https:\/\/spplawna.pl\/wp-content\/uploads\/2024\/09\/image001-1-110x83.jpg 110w, https:\/\/spplawna.pl\/wp-content\/uploads\/2024\/09\/image001-1-420x315.jpg 420w, https:\/\/spplawna.pl\/wp-content\/uploads\/2024\/09\/image001-1-573x430.jpg 573w, https:\/\/spplawna.pl\/wp-content\/uploads\/2024\/09\/image001-1.jpg 2048w\" sizes=\"(max-width: 1024px) 100vw, 1024px\" \/><\/figure>\n<\/figure>\n","protected":false},"excerpt":{"rendered":"<p>Celem zaj\u0119\u0107 w pierwszych dniach pobytu dzieci w naszym przedszkolu by\u0142o u\u015bwiadomienie im konieczno\u015bci bezpiecznego poruszania si\u0119 po drogach.<\/p>\n","protected":false},"author":1,"featured_media":7793,"comment_status":"closed","ping_status":"closed","sticky":false,"template":"","format":"standard","meta":{"footnotes":""},"categories":[1],"tags":[],"_links":{"self":[{"href":"https:\/\/spplawna.pl\/index.php?rest_route=\/wp\/v2\/posts\/7796"}],"collection":[{"href":"https:\/\/spplawna.pl\/index.php?rest_route=\/wp\/v2\/posts"}],"about":[{"href":"https:\/\/spplawna.pl\/index.php?rest_route=\/wp\/v2\/types\/post"}],"author":[{"embeddable":true,"href":"https:\/\/spplawna.pl\/index.php?rest_route=\/wp\/v2\/users\/1"}],"replies":[{"embeddable":true,"href":"https:\/\/spplawna.pl\/index.php?rest_route=%2Fwp%2Fv2%2Fcomments&post=7796"}],"version-history":[{"count":2,"href":"https:\/\/spplawna.pl\/index.php?rest_route=\/wp\/v2\/posts\/7796\/revisions"}],"predecessor-version":[{"id":7798,"href":"https:\/\/spplawna.pl\/index.php?rest_route=\/wp\/v2\/posts\/7796\/revisions\/7798"}],"wp:featuredmedia":[{"embeddable":true,"href":"https:\/\/spplawna.pl\/index.php?rest_route=\/wp\/v2\/media\/7793"}],"wp:attachment":[{"href":"https:\/\/spplawna.pl\/index.php?rest_route=%2Fwp%2Fv2%2Fmedia&parent=7796"}],"wp:term":[{"taxonomy":"category","embeddable":true,"href":"https:\/\/spplawna.pl\/index.php?rest_route=%2Fwp%2Fv2%2Fcategories&post=7796"},{"taxonomy":"post_tag","embeddable":true,"href":"https:\/\/spplawna.pl\/index.php?rest_route=%2Fwp%2Fv2%2Ftags&post=7796"}],"curies":[{"name":"wp","href":"https:\/\/api.w.org\/{rel}","templated":true}]}}