{"id":4244,"date":"2022-06-22T22:06:00","date_gmt":"2022-06-22T20:06:00","guid":{"rendered":"https:\/\/spplawna.pl\/?p=4244"},"modified":"2022-06-26T22:10:59","modified_gmt":"2022-06-26T20:10:59","slug":"zbiorka-karmy","status":"publish","type":"post","link":"https:\/\/spplawna.pl\/?p=4244","title":{"rendered":"Zbi\u00f3rka karmy"},"content":{"rendered":"\n<p>Z okazji Dnia Praw Zwierz\u0105t zorganizowano w naszej szkole zbi\u00f3rk\u0119 karmy dla zwierz\u0105t przebywaj\u0105cych w Schronisku dla Bezdomnych Zwierz\u0105t w Przylasku. \u00a0<\/p>\n\n\n\n<!--more-->\n\n\n\n<p><br>\u00a0\u00a0\u00a0\u00a0 Zadaniem szko\u0142y jest kszta\u0142towanie pozytywnego stosunku dziecka do otaczaj\u0105cego go \u015bwiata zwierz\u0105t. Wdra\u017canie do sprawowania opieki nad zwierz\u0119tami domowym i poszanowanie ich praw . W ten spos\u00f3b kszta\u0142tuje si\u0119 u\u00a0 dziecka : empati\u0119,\u00a0obowi\u0105zkowo\u015b\u0107 , odpowiedzialno\u015b\u0107 , szacunek dla godnego \u017cycia wszystkich stworze\u0144 na Ziemi.<\/p>\n\n\n\n<p>Dzieci, kt\u00f3re wzi\u0119\u0142y udzia\u0142 w zbi\u00f3rce otrzyma\u0142y gipsowe obrazki z kotkiem i pieskiem, przeznaczone do samodzielnego pokolorowania oraz s\u0142odki upominek.<\/p>\n\n\n\n<p>W tym roku na najwi\u0119cej karmy przyni\u00f3s\u0142 ucze\u0144 z klasy I \u2013 Eryk Kupnicki oraz uczennica klasy II \u2013 Nikola Matuszewicz.<\/p>\n\n\n\n<p>&nbsp;&nbsp;&nbsp; Wszystkim dzieciom i ich rodzicom dzi\u0119kujemy za pomoc&nbsp; i wsparcie schroniska.<\/p>\n\n\n\n<p>\u00a0\u00a0\u00a0\u00a0\u00a0\u00a0\u00a0\u00a0\u00a0\u00a0\u00a0 \u00a0\u00a0\u00a0\u00a0\u00a0\u00a0\u00a0\u00a0\u00a0\u00a0\u00a0 \u00a0\u00a0\u00a0\u00a0\u00a0\u00a0\u00a0\u00a0\u00a0\u00a0\u00a0\u00a0\u00a0\u00a0\u00a0\u00a0\u00a0\u00a0\u00a0\u00a0\u00a0\u00a0\u00a0\u00a0\u00a0\u00a0\u00a0\u00a0\u00a0\u00a0\u00a0\u00a0\u00a0\u00a0\u00a0\u00a0\u00a0\u00a0\u00a0\u00a0\u00a0\u00a0\u00a0\u00a0\u00a0\u00a0\u00a0\u00a0\u00a0\u00a0\u00a0\u00a0\u00a0\u00a0\u00a0\u00a0\u00a0\u00a0\u00a0\u00a0\u00a0\u00a0\u00a0\u00a0\u00a0\u00a0\u00a0\u00a0\u00a0\u00a0\u00a0\u00a0\u00a0\u00a0\u00a0\u00a0\u00a0\u00a0\u00a0\u00a0\u00a0\u00a0\u00a0Beata Kuli\u0144ska<\/p>\n\n\n\n<hr class=\"wp-block-separator\"\/>\n\n\n\n<figure class=\"wp-block-gallery columns-1 is-cropped wp-block-gallery-1 is-layout-flex wp-block-gallery-is-layout-flex\"><ul class=\"blocks-gallery-grid\"><li class=\"blocks-gallery-item\"><figure><img loading=\"lazy\" decoding=\"async\" width=\"1024\" height=\"768\" src=\"https:\/\/spplawna.pl\/wp-content\/uploads\/2022\/06\/image001-4-1024x768.jpg\" alt=\"\" data-id=\"4245\" data-full-url=\"https:\/\/spplawna.pl\/wp-content\/uploads\/2022\/06\/image001-4-scaled.jpg\" data-link=\"https:\/\/spplawna.pl\/?attachment_id=4245\" class=\"wp-image-4245\" srcset=\"https:\/\/spplawna.pl\/wp-content\/uploads\/2022\/06\/image001-4-1024x768.jpg 1024w, https:\/\/spplawna.pl\/wp-content\/uploads\/2022\/06\/image001-4-300x225.jpg 300w, https:\/\/spplawna.pl\/wp-content\/uploads\/2022\/06\/image001-4-768x576.jpg 768w, https:\/\/spplawna.pl\/wp-content\/uploads\/2022\/06\/image001-4-1536x1152.jpg 1536w, https:\/\/spplawna.pl\/wp-content\/uploads\/2022\/06\/image001-4-2048x1536.jpg 2048w, https:\/\/spplawna.pl\/wp-content\/uploads\/2022\/06\/image001-4-110x83.jpg 110w, https:\/\/spplawna.pl\/wp-content\/uploads\/2022\/06\/image001-4-420x315.jpg 420w, https:\/\/spplawna.pl\/wp-content\/uploads\/2022\/06\/image001-4-573x430.jpg 573w\" sizes=\"(max-width: 1024px) 100vw, 1024px\" \/><\/figure><\/li><\/ul><\/figure>\n","protected":false},"excerpt":{"rendered":"<p>Z okazji Dnia Praw Zwierz\u0105t zorganizowano w naszej szkole zbi\u00f3rk\u0119 karmy dla zwierz\u0105t przebywaj\u0105cych w Schronisku dla Bezdomnych Zwierz\u0105t w Przylasku. \u00a0<\/p>\n","protected":false},"author":1,"featured_media":4245,"comment_status":"closed","ping_status":"closed","sticky":false,"template":"","format":"standard","meta":{"footnotes":""},"categories":[1],"tags":[],"_links":{"self":[{"href":"https:\/\/spplawna.pl\/index.php?rest_route=\/wp\/v2\/posts\/4244"}],"collection":[{"href":"https:\/\/spplawna.pl\/index.php?rest_route=\/wp\/v2\/posts"}],"about":[{"href":"https:\/\/spplawna.pl\/index.php?rest_route=\/wp\/v2\/types\/post"}],"author":[{"embeddable":true,"href":"https:\/\/spplawna.pl\/index.php?rest_route=\/wp\/v2\/users\/1"}],"replies":[{"embeddable":true,"href":"https:\/\/spplawna.pl\/index.php?rest_route=%2Fwp%2Fv2%2Fcomments&post=4244"}],"version-history":[{"count":2,"href":"https:\/\/spplawna.pl\/index.php?rest_route=\/wp\/v2\/posts\/4244\/revisions"}],"predecessor-version":[{"id":4247,"href":"https:\/\/spplawna.pl\/index.php?rest_route=\/wp\/v2\/posts\/4244\/revisions\/4247"}],"wp:featuredmedia":[{"embeddable":true,"href":"https:\/\/spplawna.pl\/index.php?rest_route=\/wp\/v2\/media\/4245"}],"wp:attachment":[{"href":"https:\/\/spplawna.pl\/index.php?rest_route=%2Fwp%2Fv2%2Fmedia&parent=4244"}],"wp:term":[{"taxonomy":"category","embeddable":true,"href":"https:\/\/spplawna.pl\/index.php?rest_route=%2Fwp%2Fv2%2Fcategories&post=4244"},{"taxonomy":"post_tag","embeddable":true,"href":"https:\/\/spplawna.pl\/index.php?rest_route=%2Fwp%2Fv2%2Ftags&post=4244"}],"curies":[{"name":"wp","href":"https:\/\/api.w.org\/{rel}","templated":true}]}}