{"id":3837,"date":"2022-04-27T23:24:18","date_gmt":"2022-04-27T21:24:18","guid":{"rendered":"https:\/\/spplawna.pl\/?p=3837"},"modified":"2022-04-27T23:25:51","modified_gmt":"2022-04-27T21:25:51","slug":"xii-dolnoslaskie-igrzyska-lzs","status":"publish","type":"post","link":"https:\/\/spplawna.pl\/?p=3837","title":{"rendered":"XII Dolno\u015bl\u0105skie Igrzyska LZS"},"content":{"rendered":"\n<p>Dnia 26.04.2022r w Je\u017cowie Sudeckim odby\u0142 si\u0119 Fina\u0142 Dolno\u015bl\u0105skich Wiosennych Bieg\u00f3w Prze\u0142ajowych.<\/p>\n\n\n\n<!--more-->\n\n\n\n<hr class=\"wp-block-separator\"\/>\n\n\n\n<p> Z naszej szko\u0142y w P\u0142awnej udzia\u0142 bra\u0142o 10 dzieci z kl O, 2, 4 i 7. W biegu na dystansie 200 m kl 1i2, I m-ce zaj\u0105\u0142 przedstawiciel naszej szko\u0142y Gabriel K\u0119dzierski z klasy 2. Wszyscy zawodnicy dobiegli szcz\u0119\u015bliwie do mety, nawet dzieci z przedszkola(2 osoby), biegn\u0105ce z kl.1 i 2 przebieg\u0142y ca\u0142y dystans i nie by\u0142y ostatnie. W ka\u017cdej grupie startuj\u0105cych by\u0142o co najmniej 40 os\u00f3b, wi\u0119c walka by\u0142a zaci\u0119ta i bardzo emocjonuj\u0105ca. Mamy z\u0142otego medalist\u0119 z czego jeste\u015bmy dumni.<\/p>\n\n\n\n<hr class=\"wp-block-separator\"\/>\n\n\n\n<figure class=\"wp-block-gallery columns-1 is-cropped wp-block-gallery-1 is-layout-flex wp-block-gallery-is-layout-flex\"><ul class=\"blocks-gallery-grid\"><li class=\"blocks-gallery-item\"><figure><img loading=\"lazy\" decoding=\"async\" width=\"766\" height=\"1024\" src=\"https:\/\/spplawna.pl\/wp-content\/uploads\/2022\/04\/4955_n-\u2014-kopia-766x1024.jpg\" alt=\"\" data-id=\"3836\" data-full-url=\"https:\/\/spplawna.pl\/wp-content\/uploads\/2022\/04\/4955_n-\u2014-kopia.jpg\" data-link=\"https:\/\/spplawna.pl\/?attachment_id=3836\" class=\"wp-image-3836\" srcset=\"https:\/\/spplawna.pl\/wp-content\/uploads\/2022\/04\/4955_n-\u2014-kopia-766x1024.jpg 766w, https:\/\/spplawna.pl\/wp-content\/uploads\/2022\/04\/4955_n-\u2014-kopia-224x300.jpg 224w, https:\/\/spplawna.pl\/wp-content\/uploads\/2022\/04\/4955_n-\u2014-kopia-768x1027.jpg 768w, https:\/\/spplawna.pl\/wp-content\/uploads\/2022\/04\/4955_n-\u2014-kopia-1149x1536.jpg 1149w, https:\/\/spplawna.pl\/wp-content\/uploads\/2022\/04\/4955_n-\u2014-kopia-82x110.jpg 82w, https:\/\/spplawna.pl\/wp-content\/uploads\/2022\/04\/4955_n-\u2014-kopia-314x420.jpg 314w, https:\/\/spplawna.pl\/wp-content\/uploads\/2022\/04\/4955_n-\u2014-kopia-322x430.jpg 322w, https:\/\/spplawna.pl\/wp-content\/uploads\/2022\/04\/4955_n-\u2014-kopia.jpg 1532w\" sizes=\"(max-width: 766px) 100vw, 766px\" \/><\/figure><\/li><li class=\"blocks-gallery-item\"><figure><img loading=\"lazy\" decoding=\"async\" width=\"1024\" height=\"766\" src=\"https:\/\/spplawna.pl\/wp-content\/uploads\/2022\/04\/2357_n-\u2014-kopia-1024x766.jpg\" alt=\"\" data-id=\"3835\" data-full-url=\"https:\/\/spplawna.pl\/wp-content\/uploads\/2022\/04\/2357_n-\u2014-kopia.jpg\" data-link=\"https:\/\/spplawna.pl\/?attachment_id=3835\" class=\"wp-image-3835\" srcset=\"https:\/\/spplawna.pl\/wp-content\/uploads\/2022\/04\/2357_n-\u2014-kopia-1024x766.jpg 1024w, https:\/\/spplawna.pl\/wp-content\/uploads\/2022\/04\/2357_n-\u2014-kopia-300x224.jpg 300w, https:\/\/spplawna.pl\/wp-content\/uploads\/2022\/04\/2357_n-\u2014-kopia-768x575.jpg 768w, https:\/\/spplawna.pl\/wp-content\/uploads\/2022\/04\/2357_n-\u2014-kopia-1536x1149.jpg 1536w, https:\/\/spplawna.pl\/wp-content\/uploads\/2022\/04\/2357_n-\u2014-kopia-110x82.jpg 110w, https:\/\/spplawna.pl\/wp-content\/uploads\/2022\/04\/2357_n-\u2014-kopia-420x314.jpg 420w, https:\/\/spplawna.pl\/wp-content\/uploads\/2022\/04\/2357_n-\u2014-kopia-575x430.jpg 575w, https:\/\/spplawna.pl\/wp-content\/uploads\/2022\/04\/2357_n-\u2014-kopia.jpg 2048w\" sizes=\"(max-width: 1024px) 100vw, 1024px\" \/><\/figure><\/li><li class=\"blocks-gallery-item\"><figure><img loading=\"lazy\" decoding=\"async\" width=\"1024\" height=\"768\" src=\"https:\/\/spplawna.pl\/wp-content\/uploads\/2022\/04\/1187_n-\u2014-kopia-1024x768.jpg\" alt=\"\" data-id=\"3834\" data-full-url=\"https:\/\/spplawna.pl\/wp-content\/uploads\/2022\/04\/1187_n-\u2014-kopia.jpg\" data-link=\"https:\/\/spplawna.pl\/?attachment_id=3834\" class=\"wp-image-3834\" srcset=\"https:\/\/spplawna.pl\/wp-content\/uploads\/2022\/04\/1187_n-\u2014-kopia-1024x768.jpg 1024w, https:\/\/spplawna.pl\/wp-content\/uploads\/2022\/04\/1187_n-\u2014-kopia-300x225.jpg 300w, https:\/\/spplawna.pl\/wp-content\/uploads\/2022\/04\/1187_n-\u2014-kopia-768x576.jpg 768w, https:\/\/spplawna.pl\/wp-content\/uploads\/2022\/04\/1187_n-\u2014-kopia-1536x1152.jpg 1536w, https:\/\/spplawna.pl\/wp-content\/uploads\/2022\/04\/1187_n-\u2014-kopia-110x83.jpg 110w, https:\/\/spplawna.pl\/wp-content\/uploads\/2022\/04\/1187_n-\u2014-kopia-420x315.jpg 420w, https:\/\/spplawna.pl\/wp-content\/uploads\/2022\/04\/1187_n-\u2014-kopia-573x430.jpg 573w, https:\/\/spplawna.pl\/wp-content\/uploads\/2022\/04\/1187_n-\u2014-kopia.jpg 2048w\" sizes=\"(max-width: 1024px) 100vw, 1024px\" \/><\/figure><\/li><li class=\"blocks-gallery-item\"><figure><img loading=\"lazy\" decoding=\"async\" width=\"1024\" height=\"768\" src=\"https:\/\/spplawna.pl\/wp-content\/uploads\/2022\/04\/0617_n-\u2014-kopia-1024x768.jpg\" alt=\"\" data-id=\"3833\" data-full-url=\"https:\/\/spplawna.pl\/wp-content\/uploads\/2022\/04\/0617_n-\u2014-kopia.jpg\" data-link=\"https:\/\/spplawna.pl\/?attachment_id=3833\" class=\"wp-image-3833\" srcset=\"https:\/\/spplawna.pl\/wp-content\/uploads\/2022\/04\/0617_n-\u2014-kopia-1024x768.jpg 1024w, https:\/\/spplawna.pl\/wp-content\/uploads\/2022\/04\/0617_n-\u2014-kopia-300x225.jpg 300w, https:\/\/spplawna.pl\/wp-content\/uploads\/2022\/04\/0617_n-\u2014-kopia-768x576.jpg 768w, https:\/\/spplawna.pl\/wp-content\/uploads\/2022\/04\/0617_n-\u2014-kopia-1536x1152.jpg 1536w, https:\/\/spplawna.pl\/wp-content\/uploads\/2022\/04\/0617_n-\u2014-kopia-110x83.jpg 110w, https:\/\/spplawna.pl\/wp-content\/uploads\/2022\/04\/0617_n-\u2014-kopia-420x315.jpg 420w, https:\/\/spplawna.pl\/wp-content\/uploads\/2022\/04\/0617_n-\u2014-kopia-573x430.jpg 573w, https:\/\/spplawna.pl\/wp-content\/uploads\/2022\/04\/0617_n-\u2014-kopia.jpg 2048w\" sizes=\"(max-width: 1024px) 100vw, 1024px\" \/><\/figure><\/li><li class=\"blocks-gallery-item\"><figure><img loading=\"lazy\" decoding=\"async\" width=\"1024\" height=\"768\" src=\"https:\/\/spplawna.pl\/wp-content\/uploads\/2022\/04\/0255_n-\u2014-kopia-1024x768.jpg\" alt=\"\" data-id=\"3832\" data-full-url=\"https:\/\/spplawna.pl\/wp-content\/uploads\/2022\/04\/0255_n-\u2014-kopia.jpg\" data-link=\"https:\/\/spplawna.pl\/?attachment_id=3832\" class=\"wp-image-3832\" srcset=\"https:\/\/spplawna.pl\/wp-content\/uploads\/2022\/04\/0255_n-\u2014-kopia-1024x768.jpg 1024w, https:\/\/spplawna.pl\/wp-content\/uploads\/2022\/04\/0255_n-\u2014-kopia-300x225.jpg 300w, https:\/\/spplawna.pl\/wp-content\/uploads\/2022\/04\/0255_n-\u2014-kopia-768x576.jpg 768w, https:\/\/spplawna.pl\/wp-content\/uploads\/2022\/04\/0255_n-\u2014-kopia-1536x1152.jpg 1536w, https:\/\/spplawna.pl\/wp-content\/uploads\/2022\/04\/0255_n-\u2014-kopia-110x83.jpg 110w, https:\/\/spplawna.pl\/wp-content\/uploads\/2022\/04\/0255_n-\u2014-kopia-420x315.jpg 420w, https:\/\/spplawna.pl\/wp-content\/uploads\/2022\/04\/0255_n-\u2014-kopia-573x430.jpg 573w, https:\/\/spplawna.pl\/wp-content\/uploads\/2022\/04\/0255_n-\u2014-kopia.jpg 2048w\" sizes=\"(max-width: 1024px) 100vw, 1024px\" \/><\/figure><\/li><\/ul><\/figure>\n","protected":false},"excerpt":{"rendered":"<p>Dnia 26.04.2022r w Je\u017cowie Sudeckim odby\u0142 si\u0119 Fina\u0142 Dolno\u015bl\u0105skich Wiosennych Bieg\u00f3w Prze\u0142ajowych.<\/p>\n","protected":false},"author":1,"featured_media":3836,"comment_status":"closed","ping_status":"closed","sticky":false,"template":"","format":"standard","meta":{"footnotes":""},"categories":[1],"tags":[],"_links":{"self":[{"href":"https:\/\/spplawna.pl\/index.php?rest_route=\/wp\/v2\/posts\/3837"}],"collection":[{"href":"https:\/\/spplawna.pl\/index.php?rest_route=\/wp\/v2\/posts"}],"about":[{"href":"https:\/\/spplawna.pl\/index.php?rest_route=\/wp\/v2\/types\/post"}],"author":[{"embeddable":true,"href":"https:\/\/spplawna.pl\/index.php?rest_route=\/wp\/v2\/users\/1"}],"replies":[{"embeddable":true,"href":"https:\/\/spplawna.pl\/index.php?rest_route=%2Fwp%2Fv2%2Fcomments&post=3837"}],"version-history":[{"count":1,"href":"https:\/\/spplawna.pl\/index.php?rest_route=\/wp\/v2\/posts\/3837\/revisions"}],"predecessor-version":[{"id":3838,"href":"https:\/\/spplawna.pl\/index.php?rest_route=\/wp\/v2\/posts\/3837\/revisions\/3838"}],"wp:featuredmedia":[{"embeddable":true,"href":"https:\/\/spplawna.pl\/index.php?rest_route=\/wp\/v2\/media\/3836"}],"wp:attachment":[{"href":"https:\/\/spplawna.pl\/index.php?rest_route=%2Fwp%2Fv2%2Fmedia&parent=3837"}],"wp:term":[{"taxonomy":"category","embeddable":true,"href":"https:\/\/spplawna.pl\/index.php?rest_route=%2Fwp%2Fv2%2Fcategories&post=3837"},{"taxonomy":"post_tag","embeddable":true,"href":"https:\/\/spplawna.pl\/index.php?rest_route=%2Fwp%2Fv2%2Ftags&post=3837"}],"curies":[{"name":"wp","href":"https:\/\/api.w.org\/{rel}","templated":true}]}}