{"id":3712,"date":"2022-04-06T17:29:00","date_gmt":"2022-04-06T15:29:00","guid":{"rendered":"https:\/\/spplawna.pl\/?p=3712"},"modified":"2022-04-27T23:33:34","modified_gmt":"2022-04-27T21:33:34","slug":"dzien-pracownika-sluzby-zdrowia","status":"publish","type":"post","link":"https:\/\/spplawna.pl\/?p=3712","title":{"rendered":"Dzie\u0144 Pracownika S\u0142u\u017cby Zdrowia"},"content":{"rendered":"\n<p>Jak co roku, dnia 06.04.22r w Szkole Podstawowej w P\u0142awnej obchodzono Dzie\u0144 S\u0142u\u017cby zdrowia.<\/p>\n\n\n\n<!--more-->\n\n\n\n<hr class=\"wp-block-separator\"\/>\n\n\n\n<p> M\u0142odzie\u017c z klas 5, 7 i 8 przygotowa\u0142a pod kierunkiem p. Jolanty \u015aliwi\u0144skiej uroczysty apel. Zaproszono przedstawiciela s\u0142u\u017cby zdrowia, Przygotowano kr\u00f3tk\u0105 inscenizacj\u0119 promuj\u0105c\u0105 zdrowe piel\u0119gniark\u0119 szkoln\u0105 Pani\u0105 Krystyn\u0119 Stawow\u0105. Przygotowano kr\u00f3tk\u0105 inscenizacj\u0119 promuj\u0105c\u0105 zdrowy tryb \u017cycia, oraz \u017cyczenia skierowane do Pani piel\u0119gniarki opiekuj\u0105cej si\u0119 m\u0142odzie\u017c\u0105 szkoln\u0105 w P\u0142awnej.<\/p>\n\n\n\n<hr class=\"wp-block-separator\"\/>\n\n\n\n<figure class=\"wp-block-gallery columns-2 is-cropped wp-block-gallery-1 is-layout-flex wp-block-gallery-is-layout-flex\"><ul class=\"blocks-gallery-grid\"><li class=\"blocks-gallery-item\"><figure><img loading=\"lazy\" decoding=\"async\" width=\"1024\" height=\"768\" src=\"https:\/\/spplawna.pl\/wp-content\/uploads\/2022\/04\/image007-1024x768.jpg\" alt=\"\" data-id=\"3711\" data-full-url=\"https:\/\/spplawna.pl\/wp-content\/uploads\/2022\/04\/image007-scaled.jpg\" data-link=\"https:\/\/spplawna.pl\/?attachment_id=3711\" class=\"wp-image-3711\" srcset=\"https:\/\/spplawna.pl\/wp-content\/uploads\/2022\/04\/image007-1024x768.jpg 1024w, https:\/\/spplawna.pl\/wp-content\/uploads\/2022\/04\/image007-300x225.jpg 300w, https:\/\/spplawna.pl\/wp-content\/uploads\/2022\/04\/image007-768x576.jpg 768w, https:\/\/spplawna.pl\/wp-content\/uploads\/2022\/04\/image007-1536x1152.jpg 1536w, https:\/\/spplawna.pl\/wp-content\/uploads\/2022\/04\/image007-2048x1536.jpg 2048w, https:\/\/spplawna.pl\/wp-content\/uploads\/2022\/04\/image007-110x83.jpg 110w, https:\/\/spplawna.pl\/wp-content\/uploads\/2022\/04\/image007-420x315.jpg 420w, https:\/\/spplawna.pl\/wp-content\/uploads\/2022\/04\/image007-573x430.jpg 573w\" sizes=\"(max-width: 1024px) 100vw, 1024px\" \/><\/figure><\/li><li class=\"blocks-gallery-item\"><figure><img loading=\"lazy\" decoding=\"async\" width=\"1024\" height=\"768\" src=\"https:\/\/spplawna.pl\/wp-content\/uploads\/2022\/04\/image006-1024x768.jpg\" alt=\"\" data-id=\"3710\" data-full-url=\"https:\/\/spplawna.pl\/wp-content\/uploads\/2022\/04\/image006-scaled.jpg\" data-link=\"https:\/\/spplawna.pl\/?attachment_id=3710\" class=\"wp-image-3710\" srcset=\"https:\/\/spplawna.pl\/wp-content\/uploads\/2022\/04\/image006-1024x768.jpg 1024w, https:\/\/spplawna.pl\/wp-content\/uploads\/2022\/04\/image006-300x225.jpg 300w, https:\/\/spplawna.pl\/wp-content\/uploads\/2022\/04\/image006-768x576.jpg 768w, https:\/\/spplawna.pl\/wp-content\/uploads\/2022\/04\/image006-1536x1152.jpg 1536w, https:\/\/spplawna.pl\/wp-content\/uploads\/2022\/04\/image006-2048x1536.jpg 2048w, https:\/\/spplawna.pl\/wp-content\/uploads\/2022\/04\/image006-110x83.jpg 110w, https:\/\/spplawna.pl\/wp-content\/uploads\/2022\/04\/image006-420x315.jpg 420w, https:\/\/spplawna.pl\/wp-content\/uploads\/2022\/04\/image006-573x430.jpg 573w\" sizes=\"(max-width: 1024px) 100vw, 1024px\" \/><\/figure><\/li><li class=\"blocks-gallery-item\"><figure><img loading=\"lazy\" decoding=\"async\" width=\"1024\" height=\"768\" src=\"https:\/\/spplawna.pl\/wp-content\/uploads\/2022\/04\/image005-1024x768.jpg\" alt=\"\" data-id=\"3709\" data-full-url=\"https:\/\/spplawna.pl\/wp-content\/uploads\/2022\/04\/image005-scaled.jpg\" data-link=\"https:\/\/spplawna.pl\/?attachment_id=3709\" class=\"wp-image-3709\" srcset=\"https:\/\/spplawna.pl\/wp-content\/uploads\/2022\/04\/image005-1024x768.jpg 1024w, https:\/\/spplawna.pl\/wp-content\/uploads\/2022\/04\/image005-300x225.jpg 300w, https:\/\/spplawna.pl\/wp-content\/uploads\/2022\/04\/image005-768x576.jpg 768w, https:\/\/spplawna.pl\/wp-content\/uploads\/2022\/04\/image005-1536x1152.jpg 1536w, https:\/\/spplawna.pl\/wp-content\/uploads\/2022\/04\/image005-2048x1536.jpg 2048w, https:\/\/spplawna.pl\/wp-content\/uploads\/2022\/04\/image005-110x83.jpg 110w, https:\/\/spplawna.pl\/wp-content\/uploads\/2022\/04\/image005-420x315.jpg 420w, https:\/\/spplawna.pl\/wp-content\/uploads\/2022\/04\/image005-573x430.jpg 573w\" sizes=\"(max-width: 1024px) 100vw, 1024px\" \/><\/figure><\/li><li class=\"blocks-gallery-item\"><figure><img loading=\"lazy\" decoding=\"async\" width=\"1024\" height=\"768\" src=\"https:\/\/spplawna.pl\/wp-content\/uploads\/2022\/04\/image004-1024x768.jpg\" alt=\"\" data-id=\"3708\" data-full-url=\"https:\/\/spplawna.pl\/wp-content\/uploads\/2022\/04\/image004-scaled.jpg\" data-link=\"https:\/\/spplawna.pl\/?attachment_id=3708\" class=\"wp-image-3708\" srcset=\"https:\/\/spplawna.pl\/wp-content\/uploads\/2022\/04\/image004-1024x768.jpg 1024w, https:\/\/spplawna.pl\/wp-content\/uploads\/2022\/04\/image004-300x225.jpg 300w, https:\/\/spplawna.pl\/wp-content\/uploads\/2022\/04\/image004-768x576.jpg 768w, https:\/\/spplawna.pl\/wp-content\/uploads\/2022\/04\/image004-1536x1152.jpg 1536w, https:\/\/spplawna.pl\/wp-content\/uploads\/2022\/04\/image004-2048x1536.jpg 2048w, https:\/\/spplawna.pl\/wp-content\/uploads\/2022\/04\/image004-110x83.jpg 110w, https:\/\/spplawna.pl\/wp-content\/uploads\/2022\/04\/image004-420x315.jpg 420w, https:\/\/spplawna.pl\/wp-content\/uploads\/2022\/04\/image004-573x430.jpg 573w\" sizes=\"(max-width: 1024px) 100vw, 1024px\" \/><\/figure><\/li><li class=\"blocks-gallery-item\"><figure><img loading=\"lazy\" decoding=\"async\" width=\"1024\" height=\"768\" src=\"https:\/\/spplawna.pl\/wp-content\/uploads\/2022\/04\/image003-1024x768.jpg\" alt=\"\" data-id=\"3707\" data-full-url=\"https:\/\/spplawna.pl\/wp-content\/uploads\/2022\/04\/image003-scaled.jpg\" data-link=\"https:\/\/spplawna.pl\/?attachment_id=3707\" class=\"wp-image-3707\" srcset=\"https:\/\/spplawna.pl\/wp-content\/uploads\/2022\/04\/image003-1024x768.jpg 1024w, https:\/\/spplawna.pl\/wp-content\/uploads\/2022\/04\/image003-300x225.jpg 300w, https:\/\/spplawna.pl\/wp-content\/uploads\/2022\/04\/image003-768x576.jpg 768w, https:\/\/spplawna.pl\/wp-content\/uploads\/2022\/04\/image003-1536x1152.jpg 1536w, https:\/\/spplawna.pl\/wp-content\/uploads\/2022\/04\/image003-2048x1536.jpg 2048w, https:\/\/spplawna.pl\/wp-content\/uploads\/2022\/04\/image003-110x83.jpg 110w, https:\/\/spplawna.pl\/wp-content\/uploads\/2022\/04\/image003-420x315.jpg 420w, https:\/\/spplawna.pl\/wp-content\/uploads\/2022\/04\/image003-573x430.jpg 573w\" sizes=\"(max-width: 1024px) 100vw, 1024px\" \/><\/figure><\/li><li class=\"blocks-gallery-item\"><figure><img loading=\"lazy\" decoding=\"async\" width=\"1024\" height=\"768\" src=\"https:\/\/spplawna.pl\/wp-content\/uploads\/2022\/04\/image002-1024x768.jpg\" alt=\"\" data-id=\"3706\" data-full-url=\"https:\/\/spplawna.pl\/wp-content\/uploads\/2022\/04\/image002-scaled.jpg\" data-link=\"https:\/\/spplawna.pl\/?attachment_id=3706\" class=\"wp-image-3706\" srcset=\"https:\/\/spplawna.pl\/wp-content\/uploads\/2022\/04\/image002-1024x768.jpg 1024w, https:\/\/spplawna.pl\/wp-content\/uploads\/2022\/04\/image002-300x225.jpg 300w, https:\/\/spplawna.pl\/wp-content\/uploads\/2022\/04\/image002-768x576.jpg 768w, https:\/\/spplawna.pl\/wp-content\/uploads\/2022\/04\/image002-1536x1152.jpg 1536w, https:\/\/spplawna.pl\/wp-content\/uploads\/2022\/04\/image002-2048x1536.jpg 2048w, https:\/\/spplawna.pl\/wp-content\/uploads\/2022\/04\/image002-110x83.jpg 110w, https:\/\/spplawna.pl\/wp-content\/uploads\/2022\/04\/image002-420x315.jpg 420w, https:\/\/spplawna.pl\/wp-content\/uploads\/2022\/04\/image002-573x430.jpg 573w\" sizes=\"(max-width: 1024px) 100vw, 1024px\" \/><\/figure><\/li><li class=\"blocks-gallery-item\"><figure><img loading=\"lazy\" decoding=\"async\" width=\"1024\" height=\"768\" src=\"https:\/\/spplawna.pl\/wp-content\/uploads\/2022\/04\/image001-1024x768.jpg\" alt=\"\" data-id=\"3705\" data-full-url=\"https:\/\/spplawna.pl\/wp-content\/uploads\/2022\/04\/image001-scaled.jpg\" data-link=\"https:\/\/spplawna.pl\/?attachment_id=3705\" class=\"wp-image-3705\" srcset=\"https:\/\/spplawna.pl\/wp-content\/uploads\/2022\/04\/image001-1024x768.jpg 1024w, https:\/\/spplawna.pl\/wp-content\/uploads\/2022\/04\/image001-300x225.jpg 300w, https:\/\/spplawna.pl\/wp-content\/uploads\/2022\/04\/image001-768x576.jpg 768w, https:\/\/spplawna.pl\/wp-content\/uploads\/2022\/04\/image001-1536x1152.jpg 1536w, https:\/\/spplawna.pl\/wp-content\/uploads\/2022\/04\/image001-2048x1536.jpg 2048w, https:\/\/spplawna.pl\/wp-content\/uploads\/2022\/04\/image001-110x83.jpg 110w, https:\/\/spplawna.pl\/wp-content\/uploads\/2022\/04\/image001-420x315.jpg 420w, https:\/\/spplawna.pl\/wp-content\/uploads\/2022\/04\/image001-573x430.jpg 573w\" sizes=\"(max-width: 1024px) 100vw, 1024px\" \/><\/figure><\/li><\/ul><\/figure>\n","protected":false},"excerpt":{"rendered":"<p>Jak co roku, dnia 06.04.22r w Szkole Podstawowej w P\u0142awnej obchodzono Dzie\u0144 S\u0142u\u017cby zdrowia.<\/p>\n","protected":false},"author":1,"featured_media":3711,"comment_status":"closed","ping_status":"closed","sticky":false,"template":"","format":"standard","meta":{"footnotes":""},"categories":[1],"tags":[],"_links":{"self":[{"href":"https:\/\/spplawna.pl\/index.php?rest_route=\/wp\/v2\/posts\/3712"}],"collection":[{"href":"https:\/\/spplawna.pl\/index.php?rest_route=\/wp\/v2\/posts"}],"about":[{"href":"https:\/\/spplawna.pl\/index.php?rest_route=\/wp\/v2\/types\/post"}],"author":[{"embeddable":true,"href":"https:\/\/spplawna.pl\/index.php?rest_route=\/wp\/v2\/users\/1"}],"replies":[{"embeddable":true,"href":"https:\/\/spplawna.pl\/index.php?rest_route=%2Fwp%2Fv2%2Fcomments&post=3712"}],"version-history":[{"count":3,"href":"https:\/\/spplawna.pl\/index.php?rest_route=\/wp\/v2\/posts\/3712\/revisions"}],"predecessor-version":[{"id":3840,"href":"https:\/\/spplawna.pl\/index.php?rest_route=\/wp\/v2\/posts\/3712\/revisions\/3840"}],"wp:featuredmedia":[{"embeddable":true,"href":"https:\/\/spplawna.pl\/index.php?rest_route=\/wp\/v2\/media\/3711"}],"wp:attachment":[{"href":"https:\/\/spplawna.pl\/index.php?rest_route=%2Fwp%2Fv2%2Fmedia&parent=3712"}],"wp:term":[{"taxonomy":"category","embeddable":true,"href":"https:\/\/spplawna.pl\/index.php?rest_route=%2Fwp%2Fv2%2Fcategories&post=3712"},{"taxonomy":"post_tag","embeddable":true,"href":"https:\/\/spplawna.pl\/index.php?rest_route=%2Fwp%2Fv2%2Ftags&post=3712"}],"curies":[{"name":"wp","href":"https:\/\/api.w.org\/{rel}","templated":true}]}}