{"id":2382,"date":"2020-08-29T13:21:43","date_gmt":"2020-08-29T11:21:43","guid":{"rendered":"http:\/\/spplawna.pl\/?p=2382"},"modified":"2020-08-29T13:59:50","modified_gmt":"2020-08-29T11:59:50","slug":"2382","status":"publish","type":"post","link":"https:\/\/spplawna.pl\/?p=2382","title":{"rendered":"Rozpocz\u0119cie roku szkolnego 2020\/2021"},"content":{"rendered":"\n<!--more-->\n\n\n\n<p class=\"has-text-align-left\">Rozpocz\u0119cie nowego roku szkolnego 2020\/2021<br> odb\u0119dzie si\u0119 1 wrze\u015bnia 2020r.<\/p>\n\n\n\n<p>&nbsp;9.00 \u2013 Msza \u015bwi\u0119ta w ko\u015bciele pw. \u015bw. Tekli<\/p>\n\n\n\n<p>10.00 \u2013 Uroczyste rozpocz\u0119cie roku szkolnego 2020\/2021 na boisku<br>szkolnym (w przypadku z\u0142ych warunk\u00f3w atmosferycznych &nbsp;pozostajemy w ko\u015bciele)<\/p>\n\n\n\n<p>10.30 \u2013 Spotkanie uczni\u00f3w z wychowawcami klas w szkole<\/p>\n\n\n\n<p>Przedszkole &#8211; wej\u015bcie od placu zabaw.<\/p>\n\n\n\n<p>Kl. I &#8211; spotkanie w \u015bwietlicy szkolnej, wej\u015bcie boczne &nbsp;od boiska.<\/p>\n\n\n\n<p>Kl. II-VIII &#8211; wej\u015bcie g\u0142\u00f3wne.<\/p>\n\n\n\n<p>Uczniowie nie maja obowi\u0105zku zak\u0142adania maseczek w szkole. Dezynfekuj\u0105 r\u0119ce przed wej\u015bciem do szko\u0142y.<\/p>\n\n\n\n<p>Rodzice i opiekunowie towarzysz\u0105cy\u00a0 dzieciom\u00a0 zobowi\u0105zani s\u0105 do os\u0142ony ust i nosa oraz dezynfekcji r\u0105k.<\/p>\n\n\n\n<hr class=\"wp-block-separator\"\/>\n\n\n\n<p><strong>DOWOZY 2020\/2021<\/strong><\/p>\n\n\n\n<p><strong>PRZYJAZD :<\/strong>&nbsp;&nbsp;&nbsp;&nbsp;&nbsp; Wojciech\u00f3w 07:12<\/p>\n\n\n\n<p>&nbsp;&nbsp;&nbsp;&nbsp;&nbsp;&nbsp;&nbsp;&nbsp;&nbsp;&nbsp;&nbsp;&nbsp;&nbsp;&nbsp;&nbsp;&nbsp;&nbsp;&nbsp; &nbsp;&nbsp;&nbsp;&nbsp;&nbsp;&nbsp;&nbsp;&nbsp; Golej\u00f3w 07:12<\/p>\n\n\n\n<p>&nbsp;&nbsp;&nbsp;&nbsp;&nbsp;&nbsp;&nbsp;&nbsp;&nbsp;&nbsp;&nbsp;&nbsp;&nbsp;&nbsp;&nbsp;&nbsp;&nbsp;&nbsp; &nbsp;&nbsp;&nbsp;&nbsp;&nbsp;&nbsp;&nbsp;&nbsp; P\u0142awna Dolna 07:20- szko\u0142a 07:30<\/p>\n\n\n\n<p>&nbsp;&nbsp;&nbsp;&nbsp;&nbsp;&nbsp;&nbsp;&nbsp;&nbsp;&nbsp;&nbsp;&nbsp;&nbsp;&nbsp;&nbsp;&nbsp;&nbsp;&nbsp; &nbsp;&nbsp;&nbsp;&nbsp;&nbsp;&nbsp;&nbsp;&nbsp; P\u0142awna G\u00f3rna 07:55 P\u0142awna G\u00f3rna 07:57- szko\u0142a 08:00<\/p>\n\n\n\n<p><strong>ODJAZD :<\/strong> &nbsp;&nbsp;&nbsp;&nbsp;&nbsp;&nbsp;&nbsp;&nbsp; P\u0142awna G\u00f3rna 13:35<\/p>\n\n\n\n<p>&nbsp;&nbsp;&nbsp;&nbsp;&nbsp;&nbsp;&nbsp;&nbsp;&nbsp;&nbsp;&nbsp;&nbsp;&nbsp;&nbsp;&nbsp;&nbsp;&nbsp;&nbsp; &nbsp;&nbsp;&nbsp;&nbsp;&nbsp;&nbsp;&nbsp;&nbsp; P\u0142awna Dolna , Wojciech\u00f3w, Golej\u00f3w 14:05<\/p>\n\n\n\n<p>&nbsp;&nbsp;&nbsp;&nbsp;&nbsp;&nbsp;&nbsp;&nbsp;&nbsp;&nbsp;&nbsp;&nbsp;&nbsp;&nbsp;&nbsp;&nbsp;&nbsp;&nbsp; &nbsp;&nbsp;&nbsp;&nbsp;&nbsp;&nbsp;&nbsp;&nbsp; P\u0142awna G\u00f3rna 16:00<\/p>\n\n\n\n<p>&nbsp;&nbsp;&nbsp;&nbsp;&nbsp;&nbsp;&nbsp;&nbsp;&nbsp;&nbsp;&nbsp;&nbsp;&nbsp;&nbsp;&nbsp;&nbsp;&nbsp;&nbsp; &nbsp;&nbsp;&nbsp;&nbsp;&nbsp;&nbsp;&nbsp;&nbsp; P\u0142awna Dolna, Golej\u00f3w, Wojciech\u00f3w 15:25<\/p>\n","protected":false},"excerpt":{"rendered":"","protected":false},"author":1,"featured_media":2379,"comment_status":"closed","ping_status":"closed","sticky":false,"template":"","format":"standard","meta":{"footnotes":""},"categories":[1],"tags":[],"_links":{"self":[{"href":"https:\/\/spplawna.pl\/index.php?rest_route=\/wp\/v2\/posts\/2382"}],"collection":[{"href":"https:\/\/spplawna.pl\/index.php?rest_route=\/wp\/v2\/posts"}],"about":[{"href":"https:\/\/spplawna.pl\/index.php?rest_route=\/wp\/v2\/types\/post"}],"author":[{"embeddable":true,"href":"https:\/\/spplawna.pl\/index.php?rest_route=\/wp\/v2\/users\/1"}],"replies":[{"embeddable":true,"href":"https:\/\/spplawna.pl\/index.php?rest_route=%2Fwp%2Fv2%2Fcomments&post=2382"}],"version-history":[{"count":10,"href":"https:\/\/spplawna.pl\/index.php?rest_route=\/wp\/v2\/posts\/2382\/revisions"}],"predecessor-version":[{"id":2396,"href":"https:\/\/spplawna.pl\/index.php?rest_route=\/wp\/v2\/posts\/2382\/revisions\/2396"}],"wp:featuredmedia":[{"embeddable":true,"href":"https:\/\/spplawna.pl\/index.php?rest_route=\/wp\/v2\/media\/2379"}],"wp:attachment":[{"href":"https:\/\/spplawna.pl\/index.php?rest_route=%2Fwp%2Fv2%2Fmedia&parent=2382"}],"wp:term":[{"taxonomy":"category","embeddable":true,"href":"https:\/\/spplawna.pl\/index.php?rest_route=%2Fwp%2Fv2%2Fcategories&post=2382"},{"taxonomy":"post_tag","embeddable":true,"href":"https:\/\/spplawna.pl\/index.php?rest_route=%2Fwp%2Fv2%2Ftags&post=2382"}],"curies":[{"name":"wp","href":"https:\/\/api.w.org\/{rel}","templated":true}]}}